{"id":978,"date":"2026-01-06T10:45:47","date_gmt":"2026-01-06T09:45:47","guid":{"rendered":"http:\/\/ddauteure.fr\/?p=978"},"modified":"2026-01-06T10:45:48","modified_gmt":"2026-01-06T09:45:48","slug":"sortie-de-mon-nouveau-roman-le-choix-des-siens","status":"publish","type":"post","link":"http:\/\/ddauteure.fr\/index.php\/2026\/01\/06\/sortie-de-mon-nouveau-roman-le-choix-des-siens\/","title":{"rendered":"Sortie de mon nouveau roman: Le choix des siens"},"content":{"rendered":"\n<p>Je suis heureuse de vous annoncer la sortie de mon nouveau roman.<\/p>\n\n\n\n<p>Il s&rsquo;agit d&rsquo;un roman psychologique contemporain que vous pouvez trouver sur ma <a rel=\"noreferrer noopener\" href=\"https:\/\/delphinedelormeauteure.sumupstore.com\/product\/le-choix-des-siens\" data-type=\"URL\" data-id=\"https:\/\/delphinedelormeauteure.sumupstore.com\/product\/le-choix-des-siens\" target=\"_blank\">boutique<\/a>, sur le site de mon <a href=\"https:\/\/www.nco-editions.fr\/boutique\/le-choix-des-siens.html\" data-type=\"URL\" data-id=\"https:\/\/www.nco-editions.fr\/boutique\/le-choix-des-siens.html\" target=\"_blank\" rel=\"noreferrer noopener\">\u00e9diteur<\/a>, ou en commande chez votre libraire pr\u00e9f\u00e9r\u00e9.<\/p>\n\n\n\n<figure class=\"wp-block-image size-full\"><img decoding=\"async\" loading=\"lazy\" width=\"555\" height=\"856\" src=\"http:\/\/ddauteure.fr\/wp-content\/uploads\/2026\/01\/couv.png\" alt=\"\" class=\"wp-image-979\" srcset=\"http:\/\/ddauteure.fr\/wp-content\/uploads\/2026\/01\/couv.png 555w, http:\/\/ddauteure.fr\/wp-content\/uploads\/2026\/01\/couv-195x300.png 195w\" sizes=\"(max-width: 555px) 100vw, 555px\" \/><\/figure>\n\n\n\n<figure class=\"wp-block-image size-full\"><img decoding=\"async\" loading=\"lazy\" width=\"554\" height=\"517\" src=\"http:\/\/ddauteure.fr\/wp-content\/uploads\/2026\/01\/4eme.png\" alt=\"\" class=\"wp-image-980\" srcset=\"http:\/\/ddauteure.fr\/wp-content\/uploads\/2026\/01\/4eme.png 554w, http:\/\/ddauteure.fr\/wp-content\/uploads\/2026\/01\/4eme-300x280.png 300w\" sizes=\"(max-width: 554px) 100vw, 554px\" \/><\/figure>\n","protected":false},"excerpt":{"rendered":"<p>Je suis heureuse de vous annoncer la sortie de mon nouveau roman. Il s&rsquo;agit d&rsquo;un roman psychologique contemporain que vous pouvez trouver sur ma boutique, sur le site de mon \u00e9diteur, ou en commande chez votre libraire pr\u00e9f\u00e9r\u00e9.<\/p>\n","protected":false},"author":1,"featured_media":979,"comment_status":"open","ping_status":"open","sticky":false,"template":"","format":"standard","meta":{"_EventAllDay":false,"_EventTimezone":"","_EventStartDate":"","_EventEndDate":"","_EventStartDateUTC":"","_EventEndDateUTC":"","_EventShowMap":false,"_EventShowMapLink":false,"_EventURL":"","_EventCost":"","_EventCostDescription":"","_EventCurrencySymbol":"","_EventCurrencyCode":"","_EventCurrencyPosition":"","_EventDateTimeSeparator":"","_EventTimeRangeSeparator":"","_EventOrganizerID":[],"_EventVenueID":[],"_OrganizerEmail":"","_OrganizerPhone":"","_OrganizerWebsite":"","_VenueAddress":"","_VenueCity":"","_VenueCountry":"","_VenueProvince":"","_VenueState":"","_VenueZip":"","_VenuePhone":"","_VenueURL":"","_VenueStateProvince":"","_VenueLat":"","_VenueLng":"","_VenueShowMap":false,"_VenueShowMapLink":false},"categories":[4],"tags":[],"_links":{"self":[{"href":"http:\/\/ddauteure.fr\/index.php\/wp-json\/wp\/v2\/posts\/978"}],"collection":[{"href":"http:\/\/ddauteure.fr\/index.php\/wp-json\/wp\/v2\/posts"}],"about":[{"href":"http:\/\/ddauteure.fr\/index.php\/wp-json\/wp\/v2\/types\/post"}],"author":[{"embeddable":true,"href":"http:\/\/ddauteure.fr\/index.php\/wp-json\/wp\/v2\/users\/1"}],"replies":[{"embeddable":true,"href":"http:\/\/ddauteure.fr\/index.php\/wp-json\/wp\/v2\/comments?post=978"}],"version-history":[{"count":1,"href":"http:\/\/ddauteure.fr\/index.php\/wp-json\/wp\/v2\/posts\/978\/revisions"}],"predecessor-version":[{"id":981,"href":"http:\/\/ddauteure.fr\/index.php\/wp-json\/wp\/v2\/posts\/978\/revisions\/981"}],"wp:featuredmedia":[{"embeddable":true,"href":"http:\/\/ddauteure.fr\/index.php\/wp-json\/wp\/v2\/media\/979"}],"wp:attachment":[{"href":"http:\/\/ddauteure.fr\/index.php\/wp-json\/wp\/v2\/media?parent=978"}],"wp:term":[{"taxonomy":"category","embeddable":true,"href":"http:\/\/ddauteure.fr\/index.php\/wp-json\/wp\/v2\/categories?post=978"},{"taxonomy":"post_tag","embeddable":true,"href":"http:\/\/ddauteure.fr\/index.php\/wp-json\/wp\/v2\/tags?post=978"}],"curies":[{"name":"wp","href":"https:\/\/api.w.org\/{rel}","templated":true}]}}