{"id":818,"date":"2024-04-16T15:39:37","date_gmt":"2024-04-16T13:39:37","guid":{"rendered":"http:\/\/ddauteure.fr\/?p=818"},"modified":"2024-04-16T15:39:38","modified_gmt":"2024-04-16T13:39:38","slug":"heritages-les-marques-tome-3","status":"publish","type":"post","link":"http:\/\/ddauteure.fr\/index.php\/2024\/04\/16\/heritages-les-marques-tome-3\/","title":{"rendered":"H\u00e9ritages: Les Marqu\u00e9s tome 3"},"content":{"rendered":"\n<p>Le dernier opus de la saga des Marqu\u00e9s est \u00e0 pr\u00e9sent disponible dans ma <a href=\"https:\/\/delphinedelormeauteure.sumupstore.com\/article\/les-marques-tome-3-heritages-1\" data-type=\"URL\" data-id=\"https:\/\/delphinedelormeauteure.sumupstore.com\/article\/les-marques-tome-3-heritages-1\" target=\"_blank\" rel=\"noreferrer noopener\">boutique <\/a>et sur le site de mon <a href=\"https:\/\/www.nco-editions.fr\/boutique\/heritages.html\" data-type=\"URL\" data-id=\"https:\/\/www.nco-editions.fr\/boutique\/heritages.html\" target=\"_blank\" rel=\"noreferrer noopener\">\u00e9diteur<\/a>. Il cl\u00f4t la s\u00e9rie commenc\u00e9e il y a une douzaine d&rsquo;ann\u00e9es maintenant.<\/p>\n\n\n\n<p>Merci \u00e0 tous ceux qui me suivent depuis le d\u00e9but et qui attendaient impatiemment ce livre. Merci \u00e9galement \u00e0 tous ceux qui nous ont rejoint au cours de l&rsquo;aventure, votre soutien a \u00e9t\u00e9 d\u00e9terminant.<\/p>\n\n\n\n<figure class=\"wp-block-gallery has-nested-images columns-default is-cropped wp-block-gallery-1 is-layout-flex\">\n<figure class=\"wp-block-image size-large\"><a href=\"https:\/\/delphinedelormeauteure.sumupstore.com\/article\/les-marques-tome-3-heritages-1\"><img decoding=\"async\" loading=\"lazy\" width=\"661\" height=\"1024\" data-id=\"819\"  src=\"http:\/\/ddauteure.fr\/wp-content\/uploads\/2024\/04\/nco-delorme-delphine-les-marques-T3-heritages-155X24019-couv-HD-661x1024.jpg\" alt=\"\" class=\"wp-image-819\" srcset=\"http:\/\/ddauteure.fr\/wp-content\/uploads\/2024\/04\/nco-delorme-delphine-les-marques-T3-heritages-155X24019-couv-HD-661x1024.jpg 661w, http:\/\/ddauteure.fr\/wp-content\/uploads\/2024\/04\/nco-delorme-delphine-les-marques-T3-heritages-155X24019-couv-HD-194x300.jpg 194w, http:\/\/ddauteure.fr\/wp-content\/uploads\/2024\/04\/nco-delorme-delphine-les-marques-T3-heritages-155X24019-couv-HD-768x1189.jpg 768w, http:\/\/ddauteure.fr\/wp-content\/uploads\/2024\/04\/nco-delorme-delphine-les-marques-T3-heritages-155X24019-couv-HD-992x1536.jpg 992w, http:\/\/ddauteure.fr\/wp-content\/uploads\/2024\/04\/nco-delorme-delphine-les-marques-T3-heritages-155X24019-couv-HD-1323x2048.jpg 1323w, http:\/\/ddauteure.fr\/wp-content\/uploads\/2024\/04\/nco-delorme-delphine-les-marques-T3-heritages-155X24019-couv-HD-scaled.jpg 1653w\" sizes=\"(max-width: 661px) 100vw, 661px\" \/><\/a><\/figure>\n\n\n\n<figure class=\"wp-block-image size-large\"><a href=\"https:\/\/delphinedelormeauteure.sumupstore.com\/article\/les-marques-tome-3-heritages-1\"><img decoding=\"async\" loading=\"lazy\" width=\"661\" height=\"1024\" data-id=\"820\"  src=\"http:\/\/ddauteure.fr\/wp-content\/uploads\/2024\/04\/nco-delorme-delphine-les-marques-T3-heritages-155X240-dos-661x1024.jpg\" alt=\"\" class=\"wp-image-820\" srcset=\"http:\/\/ddauteure.fr\/wp-content\/uploads\/2024\/04\/nco-delorme-delphine-les-marques-T3-heritages-155X240-dos-661x1024.jpg 661w, http:\/\/ddauteure.fr\/wp-content\/uploads\/2024\/04\/nco-delorme-delphine-les-marques-T3-heritages-155X240-dos-194x300.jpg 194w, http:\/\/ddauteure.fr\/wp-content\/uploads\/2024\/04\/nco-delorme-delphine-les-marques-T3-heritages-155X240-dos-768x1189.jpg 768w, http:\/\/ddauteure.fr\/wp-content\/uploads\/2024\/04\/nco-delorme-delphine-les-marques-T3-heritages-155X240-dos.jpg 915w\" sizes=\"(max-width: 661px) 100vw, 661px\" \/><\/a><\/figure>\n<\/figure>\n","protected":false},"excerpt":{"rendered":"<p>Le dernier opus de la saga des Marqu\u00e9s est \u00e0 pr\u00e9sent disponible dans ma boutique et sur le site de mon \u00e9diteur. Il cl\u00f4t la s\u00e9rie commenc\u00e9e il y a une douzaine d&rsquo;ann\u00e9es maintenant. Merci \u00e0 tous ceux qui me&#8230;<\/p>\n","protected":false},"author":1,"featured_media":0,"comment_status":"open","ping_status":"open","sticky":false,"template":"","format":"standard","meta":{"_EventAllDay":false,"_EventTimezone":"","_EventStartDate":"","_EventEndDate":"","_EventStartDateUTC":"","_EventEndDateUTC":"","_EventShowMap":false,"_EventShowMapLink":false,"_EventURL":"","_EventCost":"","_EventCostDescription":"","_EventCurrencySymbol":"","_EventCurrencyCode":"","_EventCurrencyPosition":"","_EventDateTimeSeparator":"","_EventTimeRangeSeparator":"","_EventOrganizerID":[],"_EventVenueID":[],"_OrganizerEmail":"","_OrganizerPhone":"","_OrganizerWebsite":"","_VenueAddress":"","_VenueCity":"","_VenueCountry":"","_VenueProvince":"","_VenueState":"","_VenueZip":"","_VenuePhone":"","_VenueURL":"","_VenueStateProvince":"","_VenueLat":"","_VenueLng":"","_VenueShowMap":false,"_VenueShowMapLink":false},"categories":[1],"tags":[],"_links":{"self":[{"href":"http:\/\/ddauteure.fr\/index.php\/wp-json\/wp\/v2\/posts\/818"}],"collection":[{"href":"http:\/\/ddauteure.fr\/index.php\/wp-json\/wp\/v2\/posts"}],"about":[{"href":"http:\/\/ddauteure.fr\/index.php\/wp-json\/wp\/v2\/types\/post"}],"author":[{"embeddable":true,"href":"http:\/\/ddauteure.fr\/index.php\/wp-json\/wp\/v2\/users\/1"}],"replies":[{"embeddable":true,"href":"http:\/\/ddauteure.fr\/index.php\/wp-json\/wp\/v2\/comments?post=818"}],"version-history":[{"count":3,"href":"http:\/\/ddauteure.fr\/index.php\/wp-json\/wp\/v2\/posts\/818\/revisions"}],"predecessor-version":[{"id":823,"href":"http:\/\/ddauteure.fr\/index.php\/wp-json\/wp\/v2\/posts\/818\/revisions\/823"}],"wp:attachment":[{"href":"http:\/\/ddauteure.fr\/index.php\/wp-json\/wp\/v2\/media?parent=818"}],"wp:term":[{"taxonomy":"category","embeddable":true,"href":"http:\/\/ddauteure.fr\/index.php\/wp-json\/wp\/v2\/categories?post=818"},{"taxonomy":"post_tag","embeddable":true,"href":"http:\/\/ddauteure.fr\/index.php\/wp-json\/wp\/v2\/tags?post=818"}],"curies":[{"name":"wp","href":"https:\/\/api.w.org\/{rel}","templated":true}]}}